{"id":122,"date":"2018-03-13T18:43:14","date_gmt":"2018-03-13T18:43:14","guid":{"rendered":"http:\/\/jessys-pflegedienst.de\/?p=122"},"modified":"2020-10-10T16:53:36","modified_gmt":"2020-10-10T16:53:36","slug":"willkommen","status":"publish","type":"post","link":"https:\/\/jessys-pflegedienst.de\/?p=122","title":{"rendered":"Willkommen"},"content":{"rendered":"<p>Pflegeleitbild<\/p>\n<p>Jessys Pflegedienst setzt den Menschen in s\u00e4mtlichen Bereichen an erste Stelle. Unser Handeln wird immer von einem ganzheitlichen Menschenbild bestimmt. Die gegenseitige Wertsch\u00e4tzung von Patienten, Angeh\u00f6rigen, Mitarbeitern, Gesch\u00e4ftsinhabern und Kooperationspartner ist ein wesentlicher Grundsatz. Wir machen keine leeren Versprechungen und reflektieren uns regelm\u00e4\u00dfig selbstkritisch, um Folgendes sicherzustellen:<\/p>\n<p>\u2022 F\u00fcr unsere Kunden und f\u00fcr ihre Angeh\u00f6rigen schaffen wir eine Atmosph\u00e4re, in der jeder in einer h\u00f6flichen und fairen Weise mit W\u00fcrde und Respekt behandelt wird<br \/>\n\u2022 Die Zufriedenheit unserer Kunden ist der Ma\u00dfstab an den wir uns selber messen, uns messen lassen, die Qualit\u00e4t unserer Arbeit stetig zu Optimieren. Unseren eigenen hohen Qualit\u00e4tsstandard zu gen\u00fcgen und zu verbessern.<br \/>\n\u2022 Wir betreuen und versorgen in einer Weise, die ein selbst\u00e4ndiges und selbstbestimmtes Lebens so weit wie m\u00f6glich erh\u00e4lt<br \/>\n\u2022 Wir bewahren die Privat- und Intimsph\u00e4re der Pflegebed\u00fcrftigen jederzeit<br \/>\n\u2022 Wir gehen respektvoll mit allen k\u00f6rperlichen, seelischen und sozialen Bed\u00fcrfnisse um<br \/>\n\u2022 Wir pflegen und unterst\u00fctzen Menschen in belastenden Lebenssituationen. Dabei unterscheiden wir nicht nach Alter, sozialen Status, Glauben oder Nationalit\u00e4t<br \/>\n\u2022 Durch Fort- und Weiterbildungen st\u00e4rken und verbessern wir die Arbeitskraft unsere Mitarbeiter und die Qualit\u00e4t unserer Pflege<br \/>\n\u2022 Wir setzen unsere Mitarbeiter entsprechend ihrer Qualifikation und Ressourcen ein und unterst\u00fctzen sie dabei, ihre Arbeitskraft effektiv und effizient einzusetzen.<br \/>\n\u2022 Wir betrachten die regelm\u00e4\u00dfige Teilnahme an Dienstbesprechungen und Fortbildungen zur Weiterentwicklung unserer pers\u00f6nlichen, fachlichen und sozialen Kompetenzen als Verpflichtung.<br \/>\n\u2022 Unsere Pflege zeichnet sich durch eine enge Zusammenarbeit mit anderen Institutionen des Gesundheits- und Sozialwesens, Angeh\u00f6rigen und Dritten an der Pflege Beteiligten aus.<br \/>\n\u2022 Kurz Um: Wir pflegen so wie wir auch gepflegt werden wollen!<\/p>\n<p style=\"text-align: center;\"><img loading=\"lazy\" width=\"300\" height=\"169\" class=\"alignnone size-medium wp-image-16\" alt=\"\" src=\"https:\/\/jessys-pflegedienst.de\/wp-content\/uploads\/2018\/03\/grabows-300x169.jpg\" srcset=\"https:\/\/jessys-pflegedienst.de\/wp-content\/uploads\/2018\/03\/grabows-300x169.jpg 300w, https:\/\/jessys-pflegedienst.de\/wp-content\/uploads\/2018\/03\/grabows-768x432.jpg 768w, https:\/\/jessys-pflegedienst.de\/wp-content\/uploads\/2018\/03\/grabows-1024x576.jpg 1024w, https:\/\/jessys-pflegedienst.de\/wp-content\/uploads\/2018\/03\/grabows-520x293.jpg 520w, https:\/\/jessys-pflegedienst.de\/wp-content\/uploads\/2018\/03\/grabows-740x416.jpg 740w, https:\/\/jessys-pflegedienst.de\/wp-content\/uploads\/2018\/03\/grabows.jpg 2048w\" sizes=\"(max-width: 300px) 100vw, 300px\" \/><\/p>\n<p>Ein bisschen Spa\u00df darf nie vergessen werden!<\/p>\n<p style=\"text-align: center;\"><img loading=\"lazy\" width=\"198\" height=\"300\" class=\"alignnone size-medium wp-image-123\" alt=\"\" src=\"https:\/\/jessys-pflegedienst.de\/wp-content\/uploads\/2018\/03\/christl-1-198x300.png\" srcset=\"https:\/\/jessys-pflegedienst.de\/wp-content\/uploads\/2018\/03\/christl-1-198x300.png 198w, https:\/\/jessys-pflegedienst.de\/wp-content\/uploads\/2018\/03\/christl-1.png 283w\" sizes=\"(max-width: 198px) 100vw, 198px\" \/> <img loading=\"lazy\" width=\"169\" height=\"300\" class=\"alignnone size-medium wp-image-36\" alt=\"\" src=\"https:\/\/jessys-pflegedienst.de\/wp-content\/uploads\/2018\/03\/24581061_1999990623594345_485450051_n-1-169x300.jpg\" srcset=\"https:\/\/jessys-pflegedienst.de\/wp-content\/uploads\/2018\/03\/24581061_1999990623594345_485450051_n-1-169x300.jpg 169w, https:\/\/jessys-pflegedienst.de\/wp-content\/uploads\/2018\/03\/24581061_1999990623594345_485450051_n-1.jpg 280w\" sizes=\"(max-width: 169px) 100vw, 169px\" \/> <img loading=\"lazy\" width=\"169\" height=\"300\" class=\"alignnone size-medium wp-image-19\" alt=\"\" src=\"https:\/\/jessys-pflegedienst.de\/wp-content\/uploads\/2018\/03\/heinrich-169x300.jpg\" srcset=\"https:\/\/jessys-pflegedienst.de\/wp-content\/uploads\/2018\/03\/heinrich-169x300.jpg 169w, https:\/\/jessys-pflegedienst.de\/wp-content\/uploads\/2018\/03\/heinrich-520x924.jpg 520w, https:\/\/jessys-pflegedienst.de\/wp-content\/uploads\/2018\/03\/heinrich.jpg 540w\" sizes=\"(max-width: 169px) 100vw, 169px\" \/><\/p>\n","protected":false},"excerpt":{"rendered":"<p>Pflegeleitbild Jessys Pflegedienst setzt den Menschen in s\u00e4mtlichen Bereichen an erste Stelle. Unser Handeln wird immer von einem ganzheitlichen Menschenbild bestimmt. Die gegenseitige Wertsch\u00e4tzung von Patienten, Angeh\u00f6rigen, Mitarbeitern, Gesch\u00e4ftsinhabern und Kooperationspartner ist ein wesentlicher Grundsatz. Wir machen keine leeren Versprechungen und reflektieren uns regelm\u00e4\u00dfig selbstkritisch, um Folgendes sicherzustellen: \u2022 F\u00fcr [&hellip;]<\/p>\n","protected":false},"author":3,"featured_media":0,"comment_status":"closed","ping_status":"open","sticky":false,"template":"","format":"standard","meta":[],"categories":[1],"tags":[],"_links":{"self":[{"href":"https:\/\/jessys-pflegedienst.de\/index.php?rest_route=\/wp\/v2\/posts\/122"}],"collection":[{"href":"https:\/\/jessys-pflegedienst.de\/index.php?rest_route=\/wp\/v2\/posts"}],"about":[{"href":"https:\/\/jessys-pflegedienst.de\/index.php?rest_route=\/wp\/v2\/types\/post"}],"author":[{"embeddable":true,"href":"https:\/\/jessys-pflegedienst.de\/index.php?rest_route=\/wp\/v2\/users\/3"}],"replies":[{"embeddable":true,"href":"https:\/\/jessys-pflegedienst.de\/index.php?rest_route=%2Fwp%2Fv2%2Fcomments&post=122"}],"version-history":[{"count":2,"href":"https:\/\/jessys-pflegedienst.de\/index.php?rest_route=\/wp\/v2\/posts\/122\/revisions"}],"predecessor-version":[{"id":172,"href":"https:\/\/jessys-pflegedienst.de\/index.php?rest_route=\/wp\/v2\/posts\/122\/revisions\/172"}],"wp:attachment":[{"href":"https:\/\/jessys-pflegedienst.de\/index.php?rest_route=%2Fwp%2Fv2%2Fmedia&parent=122"}],"wp:term":[{"taxonomy":"category","embeddable":true,"href":"https:\/\/jessys-pflegedienst.de\/index.php?rest_route=%2Fwp%2Fv2%2Fcategories&post=122"},{"taxonomy":"post_tag","embeddable":true,"href":"https:\/\/jessys-pflegedienst.de\/index.php?rest_route=%2Fwp%2Fv2%2Ftags&post=122"}],"curies":[{"name":"wp","href":"https:\/\/api.w.org\/{rel}","templated":true}]}}